{"id":9838,"date":"2022-03-04T16:00:00","date_gmt":"2022-03-04T19:00:00","guid":{"rendered":"https:\/\/mundobibliotecario.com.br\/?p=9838"},"modified":"2022-03-08T08:16:08","modified_gmt":"2022-03-08T11:16:08","slug":"live-panorama-das-bibliotecas-em-relacao-a-agenda-2030-10-03","status":"publish","type":"post","link":"https:\/\/mundobibliotecario.com.br\/index.php\/2022\/03\/04\/live-panorama-das-bibliotecas-em-relacao-a-agenda-2030-10-03\/","title":{"rendered":"Live: Panorama das bibliotecas em rela\u00e7\u00e3o \u00e0 Agenda 2030 \u2013 10\/03"},"content":{"rendered":"\n<figure class=\"wp-block-image size-large\"><a href=\"https:\/\/mundobibliotecario.com.br\/wp-content\/uploads\/2022\/03\/image-1.jpeg\"><img loading=\"lazy\" decoding=\"async\" width=\"1024\" height=\"1024\" src=\"https:\/\/mundobibliotecario.com.br\/wp-content\/uploads\/2022\/03\/image-1-1024x1024.jpeg\" alt=\"dia do bibliotecario ufscar\" class=\"wp-image-9871\" srcset=\"https:\/\/mundobibliotecario.com.br\/wp-content\/uploads\/2022\/03\/image-1-1024x1024.jpeg 1024w, https:\/\/mundobibliotecario.com.br\/wp-content\/uploads\/2022\/03\/image-1-300x300.jpeg 300w, https:\/\/mundobibliotecario.com.br\/wp-content\/uploads\/2022\/03\/image-1-150x150.jpeg 150w, https:\/\/mundobibliotecario.com.br\/wp-content\/uploads\/2022\/03\/image-1-768x768.jpeg 768w, https:\/\/mundobibliotecario.com.br\/wp-content\/uploads\/2022\/03\/image-1.jpeg 1080w\" sizes=\"auto, (max-width: 1024px) 100vw, 1024px\" \/><\/a><\/figure>\n\n\n\n<p>Para comemorar o\u00a0<strong>Dia do Bibliotec\u00e1rio<\/strong>\u00a0e dar continuidade \u00e0 s\u00e9rie de\u00a0<em>lives<\/em>\u00a0que abordam as necessidades atuais das bibliotecas universit\u00e1rias e da comunidade acad\u00eamica, o Sistema Integrado de Bibliotecas (SIBi-UFSCar) e o\u00a0Departamento de Ci\u00eancia da Informa\u00e7\u00e3o organizaram a\u00a0<em>live<\/em>\u00a0\u201c<strong>Oito anos pela frente e o panorama das bibliotecas em rela\u00e7\u00e3o \u00e0 Agenda 2030\u201d.\u00a0\u00a0<\/strong>Restam apenas oito anos para que sejam cumpridos os\u00a0<strong>17 Objetivos de Desenvolvimento Sustent\u00e1vel (ODS) da Agenda 2030<\/strong>, per\u00edodo que as Na\u00e7\u00f5es Unidas (ONU) tem chamado de &#8220;D\u00e9cada da A\u00e7\u00e3o&#8221;. E as bibliotecas? Como est\u00e3o trabalhando at\u00e9 aqui e quais compromissos podemos assumir diante de t\u00e3o pouco tempo que temos? A proposta dessa\u00a0<em>live<\/em>\u00a0\u00e9 de mostrar o panorama da Agenda, as atividades que v\u00eam sendo realizadas de modo global e como nossas bibliotecas podem atuar de maneira mais estrat\u00e9gica.<br>\u00a0O palestrante convidado \u00e9 o professor\u00a0<strong>Jorge do Prado <\/strong>(<a rel=\"noreferrer noopener\" href=\"http:\/\/lattes.cnpq.br\/1820349689685348\" target=\"_blank\">http:\/\/lattes.cnpq.br\/1820349689685348<\/a>),\u00a0Presidente da FEBAB (2020-2023) e professor no Programa de P\u00f3s-Gradua\u00e7\u00e3o em Gest\u00e3o da Informa\u00e7\u00e3o da UDESC e a mediadora \u00e9 a professora\u00a0<strong>Luzia Sigoli Costa\u00a0<\/strong>(<a rel=\"noreferrer noopener\" href=\"http:\/\/lattes.cnpq.br\/8110248272001369\" target=\"_blank\">http:\/\/lattes.cnpq.br\/8110248272001369<\/a>), professora do Departamento de Ci\u00eancia da Informa\u00e7\u00e3o e do Programa de P\u00f3s-Gradua\u00e7\u00e3o em Ci\u00eancia, Tecnologia e Sociedade da UFSCar.<\/p>\n\n\n\n<p><strong>Para os participantes que assinarem a lista de presen\u00e7a ser\u00e3o sorteadas 3 bolsas parciais do\u00a0<a rel=\"noreferrer noopener\" href=\"https:\/\/iti.ufscar.mba\/iui\" target=\"_blank\">MBA em Inova\u00e7\u00e3o em Unidades de Informa\u00e7\u00e3o\/UFSCar<\/a>\u00a0\u00a0(uma de 75% e duas de 50%).<\/strong><\/p>\n\n\n\n<p><br>As inscri\u00e7\u00f5es gratuitas\u00a0devem ser feitas com o preenchimento deste\u00a0<a rel=\"noreferrer noopener\" href=\"https:\/\/forms.gle\/3ZgJWusKiLwYB2YZ8\" target=\"_blank\">formul\u00e1rio online<\/a>\u00a0e haver\u00e1 emiss\u00e3o de certificado no dia do evento. A palestra acontece no dia 10 de mar\u00e7o (5\u00aa f) a partir das 14:30h, pelo\u00a0<a rel=\"noreferrer noopener\" href=\"https:\/\/youtu.be\/rvAwhw8ybTY\" target=\"_blank\">canal do SIBi no YouTube<\/a>. Aproveite e acione o Lembrete!<\/p>\n\n\n\n<p>As 6 lives anteriores est\u00e3o dispon\u00edveis no&nbsp;link:<\/p>\n\n\n\n<p><a href=\"https:\/\/www.youtube.com\/c\/SIBiUFSCar\/playlists\" target=\"_blank\" rel=\"noreferrer noopener\">https:\/\/www.youtube.com\/c\/SIBiUFSCar\/playlists<\/a>&nbsp; &#8211; Lives<\/p>\n\n\n\n<p>1\u00aa live:&nbsp;<strong>Novos servi\u00e7os de apoio \u00e0 pesquisa em bibliotecas universit\u00e1rias<\/strong>&nbsp;(12\/03) (Em 22\/02\/22 \u2013&nbsp;1.533&nbsp;visualiza\u00e7\u00f5es)<\/p>\n\n\n\n<p>2\u00aa live:&nbsp;<strong>Produ\u00e7\u00e3o de conte\u00fado em m\u00eddias sociais para bibliotecas<\/strong>&nbsp;(15\/04) \u2013 (Em 22\/02\/22 \u2013&nbsp;2.527&nbsp;visualiza\u00e7\u00f5es)<\/p>\n\n\n\n<p>3\u00aa live:&nbsp;<strong>Direitos autorais: considera\u00e7\u00f5es sobre o uso legal e \u00e9tico da informa\u00e7\u00e3o<\/strong>&nbsp;(13\/05) \u2013 (Em 22\/02\/22 \u2013&nbsp;2.841&nbsp;visualiza\u00e7\u00f5es)<\/p>\n\n\n\n<p>4\u00aa live:&nbsp;<strong>Papel das licen\u00e7as Creative Commons no ambiente digital&nbsp;<\/strong>(17\/06) \u2013 (Em 22\/02\/22 \u2013 1.924 visualiza\u00e7\u00f5es)<\/p>\n\n\n\n<p>5\u00aa live:&nbsp;<strong>Por que usar a DMPTool&nbsp;para a gest\u00e3o de dados de pesquisa?&nbsp;<\/strong>(19\/08) &#8211; (Em 22\/02\/22 \u2013 815 visualiza\u00e7\u00f5es)<\/p>\n\n\n\n<p>6\u00aa live:&nbsp;<strong>Pl\u00e1gio acad\u00eamico: identifica\u00e7\u00e3o, preven\u00e7\u00e3o e consequ\u00eancias&nbsp;<\/strong>(25\/11) \u2013 (Em 22\/02\/22 \u2013&nbsp;3.706&nbsp;visualiza\u00e7\u00f5es)<\/p>\n","protected":false},"excerpt":{"rendered":"<p>Para comemorar o\u00a0Dia do Bibliotec\u00e1rio\u00a0e dar continuidade \u00e0 s\u00e9rie de\u00a0lives\u00a0que abordam as necessidades atuais das bibliotecas universit\u00e1rias e da comunidade acad\u00eamica, o Sistema Integrado de Bibliotecas (SIBi-UFSCar) e o\u00a0Departamento de Ci\u00eancia da Informa\u00e7\u00e3o organizaram a\u00a0live\u00a0\u201cOito anos pela frente e o panorama das bibliotecas em rela\u00e7\u00e3o \u00e0 Agenda 2030\u201d.\u00a0\u00a0Restam apenas oito anos para que sejam cumpridos &#8230; <a title=\"Live: Panorama das bibliotecas em rela\u00e7\u00e3o \u00e0 Agenda 2030 \u2013 10\/03\" class=\"read-more\" href=\"https:\/\/mundobibliotecario.com.br\/index.php\/2022\/03\/04\/live-panorama-das-bibliotecas-em-relacao-a-agenda-2030-10-03\/\" aria-label=\"Read more about Live: Panorama das bibliotecas em rela\u00e7\u00e3o \u00e0 Agenda 2030 \u2013 10\/03\">Ler mais<\/a><\/p>\n","protected":false},"author":1,"featured_media":0,"comment_status":"open","ping_status":"open","sticky":false,"template":"","format":"standard","meta":{"_mi_skip_tracking":false,"_exactmetrics_sitenote_active":false,"_exactmetrics_sitenote_note":"","_exactmetrics_sitenote_category":0,"_jetpack_newsletter_access":"","footnotes":""},"categories":[60],"tags":[1243,2,1392,62],"class_list":["post-9838","post","type-post","status-publish","format-standard","hentry","category-noticias","tag-agenda-2030","tag-biblioteca","tag-bibliotecas","tag-ufscar"],"jetpack_featured_media_url":"","jetpack_sharing_enabled":true,"jetpack-related-posts":[{"id":4475,"url":"https:\/\/mundobibliotecario.com.br\/index.php\/2017\/02\/02\/relato-do-webinar-da-ifla-lac-las-bibliotecas-y-la-implementacion-de-la-agenda-2030-para-el-dessarollo-sostenible\/","url_meta":{"origin":9838,"position":0},"title":"Relato do webinar da IFLA LAC &#8220;Las bibliotecas y la implementaci\u00f3n de la Agenda 2030 para el dessarollo sostenible&#8221;","author":"mundobibliotecario","date":"02\/02\/2017","format":false,"excerpt":"A Se\u00e7\u00e3o de Am\u00e9rica Latina e Caribe da IFLA realizou no dia 2\/2\/17 o webinar Las bibliotecas y la implementaci\u00f3n de la Agenda 2030 para el dessarollo sostenible, que contou com a participa\u00e7\u00e3o das facilitadoras Sueli Ferreira (IFLA LAC Chair), Loida Garc\u00eda-Febo (IFLA ALP Chair), Ana Mar\u00eda Talavera (Col\u00e9gio de\u2026","rel":"","context":"Em &quot;Not\u00edcias&quot;","block_context":{"text":"Not\u00edcias","link":"https:\/\/mundobibliotecario.com.br\/index.php\/category\/noticias\/"},"img":{"alt_text":"","src":"","width":0,"height":0},"classes":[]},{"id":3814,"url":"https:\/\/mundobibliotecario.com.br\/index.php\/2015\/08\/17\/agenda-2030-da-onu-e-as-bibliotecas\/","url_meta":{"origin":9838,"position":1},"title":"Agenda 2030 da ONU e as bibliotecas","author":"mundobibliotecario","date":"17\/08\/2015","format":false,"excerpt":"Posted on 7 agosto, 2015 by FernandoP under Ger\u00eancia No in\u00edcio de agosto, a Organiza\u00e7\u00e3o das Na\u00e7\u00f5es Unidas chegou\u00a0a um consenso sobre a Agenda 2030\u00a0\u2014 documento que se prop\u00f5e a nortear os trabalhos da organiza\u00e7\u00e3o\u00a0em rela\u00e7\u00e3o \u00e0 economia, ao ambiente e ao desenvolvimento social para os pr\u00f3ximos 15 anos. Al\u00e9m\u2026","rel":"","context":"Em &quot;Reflex\u00f5es&quot;","block_context":{"text":"Reflex\u00f5es","link":"https:\/\/mundobibliotecario.com.br\/index.php\/category\/reflexoes\/"},"img":{"alt_text":"","src":"","width":0,"height":0},"classes":[]},{"id":3954,"url":"https:\/\/mundobibliotecario.com.br\/index.php\/2015\/09\/22\/o-impacto-do-acesso-a-informacao-e-as-bibliotecas-nos-objetivos-de-desenvolvimento-sustentavel-ods\/","url_meta":{"origin":9838,"position":2},"title":"O impacto do acesso \u00e0 informa\u00e7\u00e3o e \u00e0s bibliotecas nos Objetivos de Desenvolvimento Sustent\u00e1vel (ODS)","author":"mundobibliotecario","date":"22\/09\/2015","format":false,"excerpt":"Contribui\u00e7\u00e3o de Neide Alves Dias de Sordi - Innova Gest\u00e3o *** A Confedera\u00e7\u00e3o de Reposit\u00f3rios de Acesso Aberto (COAR), a Federa\u00e7\u00e3o Internacional de Associa\u00e7\u00f5es e Institui\u00e7\u00f5es Bibliotec\u00e1rias (IFLA) e a Organiza\u00e7\u00e3o para a Alimenta\u00e7\u00e3o e Agricultura das Na\u00e7\u00f5es Unidas (FAO) criaram a Comunidade de Pr\u00e1tica (CoP) \u2013 [sdgs-impact-access-information-societies]. Neste m\u00eas\u2026","rel":"","context":"Em &quot;Not\u00edcias&quot;","block_context":{"text":"Not\u00edcias","link":"https:\/\/mundobibliotecario.com.br\/index.php\/category\/noticias\/"},"img":{"alt_text":"","src":"","width":0,"height":0},"classes":[]},{"id":10136,"url":"https:\/\/mundobibliotecario.com.br\/index.php\/2022\/10\/24\/atividades-da-eesc-durante-a-xxv-semana-do-livro-e-da-biblioteca-na-usp\/","url_meta":{"origin":9838,"position":3},"title":"Atividades da EESC durante a XXV Semana do Livro e da Biblioteca na USP","author":"mundobibliotecario","date":"24\/10\/2022","format":false,"excerpt":"Na semana de 24 a 28 de outubro de 2022 comemoramos a\u00a0XXV Semana do Livro e da Biblioteca na USP\u00a0e esse ano o tema \u00e9 \"Bibliotecas da USP: parcerias estrat\u00e9gicas da agenda 2030\".\u00a0 A Biblioteca da EESC convida a comunidade acad\u00eamica para participar da programa\u00e7\u00e3o online\u00a0 que ocorrer\u00e1 no dia\u00a025\u2026","rel":"","context":"Em &quot;Eventos&quot;","block_context":{"text":"Eventos","link":"https:\/\/mundobibliotecario.com.br\/index.php\/category\/eventos\/"},"img":{"alt_text":"","src":"https:\/\/i0.wp.com\/www.eesc.usp.br\/biblioteca-admin\/wp-content\/uploads\/2022\/10\/Semana-do-Livro-Banner.jpeg?resize=350%2C200&ssl=1","width":350,"height":200},"classes":[]},{"id":10105,"url":"https:\/\/mundobibliotecario.com.br\/index.php\/2022\/09\/26\/live-acessibilidade-em-bibliotecas-universitarias-para-pessoas-com-deficiencia-visual\/","url_meta":{"origin":9838,"position":4},"title":"Live: Acessibilidade em bibliotecas universit\u00e1rias para pessoas com defici\u00eancia visual","author":"mundobibliotecario","date":"26\/09\/2022","format":false,"excerpt":"Em continuidade \u00e0 s\u00e9rie de lives\u00a0que abordam as necessidades atuais das bibliotecas universit\u00e1rias, o Sistema Integrado de Bibliotecas (SIBi-UFSCar) est\u00e1 organizando a\u00a0live\u00a0Acessibilidade em bibliotecas universit\u00e1rias para pessoas com defici\u00eancia visual.\u00a0O evento\u00a0acontece\u00a0no dia 29 de setembro (5\u00aa. Feira), das 14h30 \u00e0s 16h\u00a0e ter\u00e1\u00a0transmiss\u00e3o\u00a0pelo\u00a0canal do SIBi no YouTube\u00a0com tradu\u00e7\u00e3o em Libras. Ela\u2026","rel":"","context":"Em &quot;Eventos&quot;","block_context":{"text":"Eventos","link":"https:\/\/mundobibliotecario.com.br\/index.php\/category\/eventos\/"},"img":{"alt_text":"","src":"https:\/\/i0.wp.com\/mundobibliotecario.com.br\/wp-content\/uploads\/2022\/09\/live-sibi-ufscar.png?resize=350%2C200&ssl=1","width":350,"height":200},"classes":[]},{"id":8417,"url":"https:\/\/mundobibliotecario.com.br\/index.php\/2021\/03\/09\/live-novos-servicos-de-apoio-a-pesquisa-em-bibliotecas-universitarias\/","url_meta":{"origin":9838,"position":5},"title":"Live &#8220;Novos servi\u00e7os de apoio \u00e0 pesquisa em bibliotecas universit\u00e1rias&#8221;","author":"mundobibliotecario","date":"09\/03\/2021","format":false,"excerpt":"Comemora\u00e7\u00e3o do Dia do Bibliotec\u00e1rio na UFSCar! A atua\u00e7\u00e3o tradicional dos bibliotec\u00e1rios foi se transformando, novos desafios surgiram, novas habilidades s\u00e3o exigidas e um novo perfil do profissional desponta. Para comemorar o Dia do Bibliotec\u00e1rio na UFSCar, o Sistema Integrado de Bibliotecas (SIBi) e o Departamento de Ci\u00eancia da Informa\u00e7\u00e3o(DCI)\u2026","rel":"","context":"Em &quot;Eventos&quot;","block_context":{"text":"Eventos","link":"https:\/\/mundobibliotecario.com.br\/index.php\/category\/eventos\/"},"img":{"alt_text":"","src":"","width":0,"height":0},"classes":[]}],"jetpack_likes_enabled":true,"jetpack_shortlink":"https:\/\/wp.me\/pcbzwa-2yG","_links":{"self":[{"href":"https:\/\/mundobibliotecario.com.br\/index.php\/wp-json\/wp\/v2\/posts\/9838","targetHints":{"allow":["GET"]}}],"collection":[{"href":"https:\/\/mundobibliotecario.com.br\/index.php\/wp-json\/wp\/v2\/posts"}],"about":[{"href":"https:\/\/mundobibliotecario.com.br\/index.php\/wp-json\/wp\/v2\/types\/post"}],"author":[{"embeddable":true,"href":"https:\/\/mundobibliotecario.com.br\/index.php\/wp-json\/wp\/v2\/users\/1"}],"replies":[{"embeddable":true,"href":"https:\/\/mundobibliotecario.com.br\/index.php\/wp-json\/wp\/v2\/comments?post=9838"}],"version-history":[{"count":5,"href":"https:\/\/mundobibliotecario.com.br\/index.php\/wp-json\/wp\/v2\/posts\/9838\/revisions"}],"predecessor-version":[{"id":9874,"href":"https:\/\/mundobibliotecario.com.br\/index.php\/wp-json\/wp\/v2\/posts\/9838\/revisions\/9874"}],"wp:attachment":[{"href":"https:\/\/mundobibliotecario.com.br\/index.php\/wp-json\/wp\/v2\/media?parent=9838"}],"wp:term":[{"taxonomy":"category","embeddable":true,"href":"https:\/\/mundobibliotecario.com.br\/index.php\/wp-json\/wp\/v2\/categories?post=9838"},{"taxonomy":"post_tag","embeddable":true,"href":"https:\/\/mundobibliotecario.com.br\/index.php\/wp-json\/wp\/v2\/tags?post=9838"}],"curies":[{"name":"wp","href":"https:\/\/api.w.org\/{rel}","templated":true}]}}