{"id":9964,"date":"2022-05-23T07:00:00","date_gmt":"2022-05-23T10:00:00","guid":{"rendered":"https:\/\/mundobibliotecario.com.br\/?p=9964"},"modified":"2022-05-22T22:34:43","modified_gmt":"2022-05-23T01:34:43","slug":"procuram-se-pessoas-que-nao-conhecem-as-bibliotecas-de-sao-carlos-sp","status":"publish","type":"post","link":"https:\/\/mundobibliotecario.com.br\/index.php\/2022\/05\/23\/procuram-se-pessoas-que-nao-conhecem-as-bibliotecas-de-sao-carlos-sp\/","title":{"rendered":"Procuram-se pessoas que n\u00e3o conhecem as bibliotecas de S\u00e3o Carlos (SP)"},"content":{"rendered":"\t\t<div data-elementor-type=\"wp-post\" data-elementor-id=\"9964\" class=\"elementor elementor-9964\">\n\t\t\t\t\t\t<div class=\"elementor-inner\">\n\t\t\t\t<div class=\"elementor-section-wrap\">\n\t\t\t\t\t\t\t\t\t<section class=\"elementor-section elementor-top-section elementor-element elementor-element-4e09697 elementor-section-boxed elementor-section-height-default elementor-section-height-default\" data-id=\"4e09697\" data-element_type=\"section\">\n\t\t\t\t\t\t<div class=\"elementor-container elementor-column-gap-default\">\n\t\t\t\t\t\t\t<div class=\"elementor-row\">\n\t\t\t\t\t<div class=\"elementor-column elementor-col-100 elementor-top-column elementor-element elementor-element-205f0ab\" data-id=\"205f0ab\" data-element_type=\"column\">\n\t\t\t<div class=\"elementor-column-wrap elementor-element-populated\">\n\t\t\t\t\t\t\t<div class=\"elementor-widget-wrap\">\n\t\t\t\t\t\t<div class=\"elementor-element elementor-element-b671fdb elementor-widget elementor-widget-text-editor\" data-id=\"b671fdb\" data-element_type=\"widget\" data-widget_type=\"text-editor.default\">\n\t\t\t\t<div class=\"elementor-widget-container\">\n\t\t\t\t\t\t\t\t<div class=\"elementor-text-editor elementor-clearfix\">\n\t\t\t\t<p>Voc\u00ea sabia que a cidade de S\u00e3o Carlos possui um dos maiores \u00edndices de bibliotecas, arquivos e museus em rela\u00e7\u00e3o \u00e0 popula\u00e7\u00e3o?<\/p>\t\t\t\t\t<\/div>\n\t\t\t\t\t\t<\/div>\n\t\t\t\t<\/div>\n\t\t\t\t\t\t<\/div>\n\t\t\t\t\t<\/div>\n\t\t<\/div>\n\t\t\t\t\t\t\t\t<\/div>\n\t\t\t\t\t<\/div>\n\t\t<\/section>\n\t\t\t\t<section class=\"elementor-section elementor-top-section elementor-element elementor-element-73e9ddc elementor-section-boxed elementor-section-height-default elementor-section-height-default\" data-id=\"73e9ddc\" data-element_type=\"section\">\n\t\t\t\t\t\t<div class=\"elementor-container elementor-column-gap-default\">\n\t\t\t\t\t\t\t<div class=\"elementor-row\">\n\t\t\t\t\t<div class=\"elementor-column elementor-col-100 elementor-top-column elementor-element elementor-element-7c1f5b7\" data-id=\"7c1f5b7\" data-element_type=\"column\">\n\t\t\t<div class=\"elementor-column-wrap elementor-element-populated\">\n\t\t\t\t\t\t\t<div class=\"elementor-widget-wrap\">\n\t\t\t\t\t\t<div class=\"elementor-element elementor-element-9b93852 elementor-widget elementor-widget-text-editor\" data-id=\"9b93852\" data-element_type=\"widget\" data-widget_type=\"text-editor.default\">\n\t\t\t\t<div class=\"elementor-widget-container\">\n\t\t\t\t\t\t\t\t<div class=\"elementor-text-editor elementor-clearfix\">\n\t\t\t\t<p>E que as bibliotecas de S\u00e3o Carlos oferecem muito mais que livros?<\/p>\t\t\t\t\t<\/div>\n\t\t\t\t\t\t<\/div>\n\t\t\t\t<\/div>\n\t\t\t\t\t\t<\/div>\n\t\t\t\t\t<\/div>\n\t\t<\/div>\n\t\t\t\t\t\t\t\t<\/div>\n\t\t\t\t\t<\/div>\n\t\t<\/section>\n\t\t\t\t<section class=\"elementor-section elementor-top-section elementor-element elementor-element-d0776e6 elementor-section-boxed elementor-section-height-default elementor-section-height-default\" data-id=\"d0776e6\" data-element_type=\"section\">\n\t\t\t\t\t\t<div class=\"elementor-container elementor-column-gap-default\">\n\t\t\t\t\t\t\t<div class=\"elementor-row\">\n\t\t\t\t\t<div class=\"elementor-column elementor-col-100 elementor-top-column elementor-element elementor-element-151c84b\" data-id=\"151c84b\" data-element_type=\"column\">\n\t\t\t<div class=\"elementor-column-wrap elementor-element-populated\">\n\t\t\t\t\t\t\t<div class=\"elementor-widget-wrap\">\n\t\t\t\t\t\t<div class=\"elementor-element elementor-element-1b6dc9b elementor-widget elementor-widget-text-editor\" data-id=\"1b6dc9b\" data-element_type=\"widget\" data-widget_type=\"text-editor.default\">\n\t\t\t\t<div class=\"elementor-widget-container\">\n\t\t\t\t\t\t\t\t<div class=\"elementor-text-editor elementor-clearfix\">\n\t\t\t\t<h2><i>&#8220;Desenvolvemos as mais variadas atividades dentro das bibliotecas em parceria com pessoas e entidades da cidade, somos respons\u00e1veis pela oferta de servi\u00e7os e temos o livro como objeto essencial para a aprendizagem [&#8230;]&#8221; (Bibliotec\u00e1ria Ma\u00edra Bassoli)*<\/i><\/h2>\t\t\t\t\t<\/div>\n\t\t\t\t\t\t<\/div>\n\t\t\t\t<\/div>\n\t\t\t\t\t\t<\/div>\n\t\t\t\t\t<\/div>\n\t\t<\/div>\n\t\t\t\t\t\t\t\t<\/div>\n\t\t\t\t\t<\/div>\n\t\t<\/section>\n\t\t\t\t<section class=\"elementor-section elementor-top-section elementor-element elementor-element-a87686b elementor-section-boxed elementor-section-height-default elementor-section-height-default\" data-id=\"a87686b\" data-element_type=\"section\">\n\t\t\t\t\t\t<div class=\"elementor-container elementor-column-gap-default\">\n\t\t\t\t\t\t\t<div class=\"elementor-row\">\n\t\t\t\t\t<div class=\"elementor-column elementor-col-100 elementor-top-column elementor-element elementor-element-560f316\" data-id=\"560f316\" data-element_type=\"column\">\n\t\t\t<div class=\"elementor-column-wrap elementor-element-populated\">\n\t\t\t\t\t\t\t<div class=\"elementor-widget-wrap\">\n\t\t\t\t\t\t<div class=\"elementor-element elementor-element-b22f349 elementor-widget elementor-widget-text-editor\" data-id=\"b22f349\" data-element_type=\"widget\" data-widget_type=\"text-editor.default\">\n\t\t\t\t<div class=\"elementor-widget-container\">\n\t\t\t\t\t\t\t\t<div class=\"elementor-text-editor elementor-clearfix\">\n\t\t\t\t<p>E que os livros n\u00e3o servem para encher prateleiras, eles servem para encher as cabe\u00e7as das pessoas?<\/p>\t\t\t\t\t<\/div>\n\t\t\t\t\t\t<\/div>\n\t\t\t\t<\/div>\n\t\t\t\t\t\t<\/div>\n\t\t\t\t\t<\/div>\n\t\t<\/div>\n\t\t\t\t\t\t\t\t<\/div>\n\t\t\t\t\t<\/div>\n\t\t<\/section>\n\t\t\t\t<section class=\"elementor-section elementor-top-section elementor-element elementor-element-6d142f1 elementor-section-boxed elementor-section-height-default elementor-section-height-default\" data-id=\"6d142f1\" data-element_type=\"section\">\n\t\t\t\t\t\t<div class=\"elementor-container elementor-column-gap-default\">\n\t\t\t\t\t\t\t<div class=\"elementor-row\">\n\t\t\t\t\t<div class=\"elementor-column elementor-col-100 elementor-top-column elementor-element elementor-element-f2b6165\" data-id=\"f2b6165\" data-element_type=\"column\">\n\t\t\t<div class=\"elementor-column-wrap elementor-element-populated\">\n\t\t\t\t\t\t\t<div class=\"elementor-widget-wrap\">\n\t\t\t\t\t\t<div class=\"elementor-element elementor-element-756727d elementor-widget elementor-widget-text-editor\" data-id=\"756727d\" data-element_type=\"widget\" data-widget_type=\"text-editor.default\">\n\t\t\t\t<div class=\"elementor-widget-container\">\n\t\t\t\t\t\t\t\t<div class=\"elementor-text-editor elementor-clearfix\">\n\t\t\t\t<h2><i>&#8220;[&#8230;] ao contr\u00e1rio do que diz o senso comum, o acesso \u00e0 informa\u00e7\u00e3o e ao conhecimento de qualidade n\u00e3o se d\u00e1 apenas provendo \u201cacesso \u00e0 internet\u201d e enchendo prateleiras de livros. Internet e livros s\u00e3o importantes, mas s\u00e3o apenas ferramentas.&#8221; (Bibliotec\u00e1rio Marcos Teruo Ouchi)*<\/i><\/h2>\t\t\t\t\t<\/div>\n\t\t\t\t\t\t<\/div>\n\t\t\t\t<\/div>\n\t\t\t\t\t\t<\/div>\n\t\t\t\t\t<\/div>\n\t\t<\/div>\n\t\t\t\t\t\t\t\t<\/div>\n\t\t\t\t\t<\/div>\n\t\t<\/section>\n\t\t\t\t<section class=\"elementor-section elementor-top-section elementor-element elementor-element-3a04bb7 elementor-section-boxed elementor-section-height-default elementor-section-height-default\" data-id=\"3a04bb7\" data-element_type=\"section\">\n\t\t\t\t\t\t<div class=\"elementor-container elementor-column-gap-default\">\n\t\t\t\t\t\t\t<div class=\"elementor-row\">\n\t\t\t\t\t<div class=\"elementor-column elementor-col-100 elementor-top-column elementor-element elementor-element-9c22022\" data-id=\"9c22022\" data-element_type=\"column\">\n\t\t\t<div class=\"elementor-column-wrap elementor-element-populated\">\n\t\t\t\t\t\t\t<div class=\"elementor-widget-wrap\">\n\t\t\t\t\t\t<div class=\"elementor-element elementor-element-a6b6ec9 elementor-widget elementor-widget-text-editor\" data-id=\"a6b6ec9\" data-element_type=\"widget\" data-widget_type=\"text-editor.default\">\n\t\t\t\t<div class=\"elementor-widget-container\">\n\t\t\t\t\t\t\t\t<div class=\"elementor-text-editor elementor-clearfix\">\n\t\t\t\t<p>Voc\u00ea j\u00e1 sabe que S\u00e3o Carlos:<\/p><p>&#8211; possui muitas bibliotecas, arquivos e museus para visitar<\/p><p>&#8211; muitos livros para ler<\/p><p>&#8211; muitos bibliotec\u00e1rios sempre prontos para te ajudar<\/p>\t\t\t\t\t<\/div>\n\t\t\t\t\t\t<\/div>\n\t\t\t\t<\/div>\n\t\t\t\t\t\t<\/div>\n\t\t\t\t\t<\/div>\n\t\t<\/div>\n\t\t\t\t\t\t\t\t<\/div>\n\t\t\t\t\t<\/div>\n\t\t<\/section>\n\t\t\t\t<section class=\"elementor-section elementor-top-section elementor-element elementor-element-db334fc elementor-section-boxed elementor-section-height-default elementor-section-height-default\" data-id=\"db334fc\" data-element_type=\"section\">\n\t\t\t\t\t\t<div class=\"elementor-container elementor-column-gap-default\">\n\t\t\t\t\t\t\t<div class=\"elementor-row\">\n\t\t\t\t\t<div class=\"elementor-column elementor-col-100 elementor-top-column elementor-element elementor-element-c73f397\" data-id=\"c73f397\" data-element_type=\"column\">\n\t\t\t<div class=\"elementor-column-wrap elementor-element-populated\">\n\t\t\t\t\t\t\t<div class=\"elementor-widget-wrap\">\n\t\t\t\t\t\t<div class=\"elementor-element elementor-element-949ca71 elementor-widget elementor-widget-text-editor\" data-id=\"949ca71\" data-element_type=\"widget\" data-widget_type=\"text-editor.default\">\n\t\t\t\t<div class=\"elementor-widget-container\">\n\t\t\t\t\t\t\t\t<div class=\"elementor-text-editor elementor-clearfix\">\n\t\t\t\t<p>Mas, afinal, voc\u00ea sabe para que servem as bibliotecas da cidade?<\/p><p>N\u00e3o tem problema se voc\u00ea n\u00e3o sabe, pois esta semana voc\u00ea conhecer\u00e1 um pouco.<\/p><p>Isso mesmo: um pouco.<\/p><p>Pois para conhecer tudo, s\u00f3 indo em cada biblioteca.<\/p><p>Enquanto isso n\u00e3o acontece, participe do\u00a0<a href=\"https:\/\/festivalsibisc.isci.com.br\/index.html\" target=\"_blank\" rel=\"noopener\">SIBiSC Festival<\/a>.<\/p>\t\t\t\t\t<\/div>\n\t\t\t\t\t\t<\/div>\n\t\t\t\t<\/div>\n\t\t\t\t\t\t<\/div>\n\t\t\t\t\t<\/div>\n\t\t<\/div>\n\t\t\t\t\t\t\t\t<\/div>\n\t\t\t\t\t<\/div>\n\t\t<\/section>\n\t\t\t\t<section class=\"elementor-section elementor-top-section elementor-element elementor-element-83499ed elementor-section-boxed elementor-section-height-default elementor-section-height-default\" data-id=\"83499ed\" data-element_type=\"section\">\n\t\t\t\t\t\t<div class=\"elementor-container elementor-column-gap-default\">\n\t\t\t\t\t\t\t<div class=\"elementor-row\">\n\t\t\t\t\t<div class=\"elementor-column elementor-col-100 elementor-top-column elementor-element elementor-element-f7ffbd2\" data-id=\"f7ffbd2\" data-element_type=\"column\">\n\t\t\t<div class=\"elementor-column-wrap elementor-element-populated\">\n\t\t\t\t\t\t\t<div class=\"elementor-widget-wrap\">\n\t\t\t\t\t\t<div class=\"elementor-element elementor-element-6e67843 elementor-widget elementor-widget-image\" data-id=\"6e67843\" data-element_type=\"widget\" data-widget_type=\"image.default\">\n\t\t\t\t<div class=\"elementor-widget-container\">\n\t\t\t\t\t\t\t\t<div class=\"elementor-image\">\n\t\t\t\t\t\t\t\t\t\t\t\t<img loading=\"lazy\" decoding=\"async\" width=\"606\" height=\"571\" src=\"https:\/\/mundobibliotecario.com.br\/wp-content\/uploads\/2022\/05\/Festival-SIBiSC-1.jpg\" class=\"attachment-large size-large wp-image-9967\" alt=\"Festival SIBiSC\" srcset=\"https:\/\/mundobibliotecario.com.br\/wp-content\/uploads\/2022\/05\/Festival-SIBiSC-1.jpg 606w, https:\/\/mundobibliotecario.com.br\/wp-content\/uploads\/2022\/05\/Festival-SIBiSC-1-300x283.jpg 300w\" sizes=\"auto, (max-width: 606px) 100vw, 606px\" \/>\t\t\t\t\t\t\t\t\t\t\t\t\t\t<\/div>\n\t\t\t\t\t\t<\/div>\n\t\t\t\t<\/div>\n\t\t\t\t\t\t<\/div>\n\t\t\t\t\t<\/div>\n\t\t<\/div>\n\t\t\t\t\t\t\t\t<\/div>\n\t\t\t\t\t<\/div>\n\t\t<\/section>\n\t\t\t\t<section class=\"elementor-section elementor-top-section elementor-element elementor-element-5c70bc1 elementor-section-boxed elementor-section-height-default elementor-section-height-default\" data-id=\"5c70bc1\" data-element_type=\"section\">\n\t\t\t\t\t\t<div class=\"elementor-container elementor-column-gap-default\">\n\t\t\t\t\t\t\t<div class=\"elementor-row\">\n\t\t\t\t\t<div class=\"elementor-column elementor-col-100 elementor-top-column elementor-element elementor-element-45b1271\" data-id=\"45b1271\" data-element_type=\"column\">\n\t\t\t<div class=\"elementor-column-wrap elementor-element-populated\">\n\t\t\t\t\t\t\t<div class=\"elementor-widget-wrap\">\n\t\t\t\t\t\t<div class=\"elementor-element elementor-element-f85d5dc elementor-widget elementor-widget-text-editor\" data-id=\"f85d5dc\" data-element_type=\"widget\" data-widget_type=\"text-editor.default\">\n\t\t\t\t<div class=\"elementor-widget-container\">\n\t\t\t\t\t\t\t\t<div class=\"elementor-text-editor elementor-clearfix\">\n\t\t\t\t<h3><i>O que \u00e9 o SIBiSC Festival?<\/i><\/h3>\t\t\t\t\t<\/div>\n\t\t\t\t\t\t<\/div>\n\t\t\t\t<\/div>\n\t\t\t\t\t\t<\/div>\n\t\t\t\t\t<\/div>\n\t\t<\/div>\n\t\t\t\t\t\t\t\t<\/div>\n\t\t\t\t\t<\/div>\n\t\t<\/section>\n\t\t\t\t<section class=\"elementor-section elementor-top-section elementor-element elementor-element-789dd98 elementor-section-boxed elementor-section-height-default elementor-section-height-default\" data-id=\"789dd98\" data-element_type=\"section\">\n\t\t\t\t\t\t<div class=\"elementor-container elementor-column-gap-default\">\n\t\t\t\t\t\t\t<div class=\"elementor-row\">\n\t\t\t\t\t<div class=\"elementor-column elementor-col-100 elementor-top-column elementor-element elementor-element-2632854\" data-id=\"2632854\" data-element_type=\"column\">\n\t\t\t<div class=\"elementor-column-wrap elementor-element-populated\">\n\t\t\t\t\t\t\t<div class=\"elementor-widget-wrap\">\n\t\t\t\t\t\t<div class=\"elementor-element elementor-element-9025b99 elementor-widget elementor-widget-text-editor\" data-id=\"9025b99\" data-element_type=\"widget\" data-widget_type=\"text-editor.default\">\n\t\t\t\t<div class=\"elementor-widget-container\">\n\t\t\t\t\t\t\t\t<div class=\"elementor-text-editor elementor-clearfix\">\n\t\t\t\t<p>\u00c9 um evento promovido pela Secretaria Municipal de Educa\u00e7\u00e3o (SME), entre os dias 23 e 28 de maio criado para comemorar a Semana da Biblioteca, a Semana do Bibliotec\u00e1rio e a Semana da Biblioteconomia.<\/p>\t\t\t\t\t<\/div>\n\t\t\t\t\t\t<\/div>\n\t\t\t\t<\/div>\n\t\t\t\t\t\t<\/div>\n\t\t\t\t\t<\/div>\n\t\t<\/div>\n\t\t\t\t\t\t\t\t<\/div>\n\t\t\t\t\t<\/div>\n\t\t<\/section>\n\t\t\t\t<section class=\"elementor-section elementor-top-section elementor-element elementor-element-863d246 elementor-section-boxed elementor-section-height-default elementor-section-height-default\" data-id=\"863d246\" data-element_type=\"section\">\n\t\t\t\t\t\t<div class=\"elementor-container elementor-column-gap-default\">\n\t\t\t\t\t\t\t<div class=\"elementor-row\">\n\t\t\t\t\t<div class=\"elementor-column elementor-col-100 elementor-top-column elementor-element elementor-element-e5654fe\" data-id=\"e5654fe\" data-element_type=\"column\">\n\t\t\t<div class=\"elementor-column-wrap elementor-element-populated\">\n\t\t\t\t\t\t\t<div class=\"elementor-widget-wrap\">\n\t\t\t\t\t\t<div class=\"elementor-element elementor-element-bb076db elementor-widget elementor-widget-text-editor\" data-id=\"bb076db\" data-element_type=\"widget\" data-widget_type=\"text-editor.default\">\n\t\t\t\t<div class=\"elementor-widget-container\">\n\t\t\t\t\t\t\t\t<div class=\"elementor-text-editor elementor-clearfix\">\n\t\t\t\t<h3><i>Quanto custa para participar?<\/i><\/h3>\t\t\t\t\t<\/div>\n\t\t\t\t\t\t<\/div>\n\t\t\t\t<\/div>\n\t\t\t\t\t\t<\/div>\n\t\t\t\t\t<\/div>\n\t\t<\/div>\n\t\t\t\t\t\t\t\t<\/div>\n\t\t\t\t\t<\/div>\n\t\t<\/section>\n\t\t\t\t<section class=\"elementor-section elementor-top-section elementor-element elementor-element-5b711c0 elementor-section-boxed elementor-section-height-default elementor-section-height-default\" data-id=\"5b711c0\" data-element_type=\"section\">\n\t\t\t\t\t\t<div class=\"elementor-container elementor-column-gap-default\">\n\t\t\t\t\t\t\t<div class=\"elementor-row\">\n\t\t\t\t\t<div class=\"elementor-column elementor-col-100 elementor-top-column elementor-element elementor-element-738ee12\" data-id=\"738ee12\" data-element_type=\"column\">\n\t\t\t<div class=\"elementor-column-wrap elementor-element-populated\">\n\t\t\t\t\t\t\t<div class=\"elementor-widget-wrap\">\n\t\t\t\t\t\t<div class=\"elementor-element elementor-element-bc77d72 elementor-widget elementor-widget-text-editor\" data-id=\"bc77d72\" data-element_type=\"widget\" data-widget_type=\"text-editor.default\">\n\t\t\t\t<div class=\"elementor-widget-container\">\n\t\t\t\t\t\t\t\t<div class=\"elementor-text-editor elementor-clearfix\">\n\t\t\t\t<p>Zero reais.<\/p>\t\t\t\t\t<\/div>\n\t\t\t\t\t\t<\/div>\n\t\t\t\t<\/div>\n\t\t\t\t\t\t<\/div>\n\t\t\t\t\t<\/div>\n\t\t<\/div>\n\t\t\t\t\t\t\t\t<\/div>\n\t\t\t\t\t<\/div>\n\t\t<\/section>\n\t\t\t\t<section class=\"elementor-section elementor-top-section elementor-element elementor-element-92e402b elementor-section-boxed elementor-section-height-default elementor-section-height-default\" data-id=\"92e402b\" data-element_type=\"section\">\n\t\t\t\t\t\t<div class=\"elementor-container elementor-column-gap-default\">\n\t\t\t\t\t\t\t<div class=\"elementor-row\">\n\t\t\t\t\t<div class=\"elementor-column elementor-col-100 elementor-top-column elementor-element elementor-element-3402d03\" data-id=\"3402d03\" data-element_type=\"column\">\n\t\t\t<div class=\"elementor-column-wrap elementor-element-populated\">\n\t\t\t\t\t\t\t<div class=\"elementor-widget-wrap\">\n\t\t\t\t\t\t<div class=\"elementor-element elementor-element-a01e660 elementor-widget elementor-widget-text-editor\" data-id=\"a01e660\" data-element_type=\"widget\" data-widget_type=\"text-editor.default\">\n\t\t\t\t<div class=\"elementor-widget-container\">\n\t\t\t\t\t\t\t\t<div class=\"elementor-text-editor elementor-clearfix\">\n\t\t\t\t<h3><i>Como fa\u00e7o para participar?<\/i><\/h3>\t\t\t\t\t<\/div>\n\t\t\t\t\t\t<\/div>\n\t\t\t\t<\/div>\n\t\t\t\t\t\t<\/div>\n\t\t\t\t\t<\/div>\n\t\t<\/div>\n\t\t\t\t\t\t\t\t<\/div>\n\t\t\t\t\t<\/div>\n\t\t<\/section>\n\t\t\t\t<section class=\"elementor-section elementor-top-section elementor-element elementor-element-b525824 elementor-section-boxed elementor-section-height-default elementor-section-height-default\" data-id=\"b525824\" data-element_type=\"section\">\n\t\t\t\t\t\t<div class=\"elementor-container elementor-column-gap-default\">\n\t\t\t\t\t\t\t<div class=\"elementor-row\">\n\t\t\t\t\t<div class=\"elementor-column elementor-col-100 elementor-top-column elementor-element elementor-element-791f38d\" data-id=\"791f38d\" data-element_type=\"column\">\n\t\t\t<div class=\"elementor-column-wrap elementor-element-populated\">\n\t\t\t\t\t\t\t<div class=\"elementor-widget-wrap\">\n\t\t\t\t\t\t<div class=\"elementor-element elementor-element-12bb75b elementor-widget elementor-widget-text-editor\" data-id=\"12bb75b\" data-element_type=\"widget\" data-widget_type=\"text-editor.default\">\n\t\t\t\t<div class=\"elementor-widget-container\">\n\t\t\t\t\t\t\t\t<div class=\"elementor-text-editor elementor-clearfix\">\n\t\t\t\t<p>Basta acessar o\u00a0<a href=\"https:\/\/festivalsibisc.isci.com.br\/index.html\" target=\"_blank\" rel=\"noopener\">site do Festival<\/a>,\u00a0conferir a programa\u00e7\u00e3o e participar das atividades.<\/p>\t\t\t\t\t<\/div>\n\t\t\t\t\t\t<\/div>\n\t\t\t\t<\/div>\n\t\t\t\t\t\t<\/div>\n\t\t\t\t\t<\/div>\n\t\t<\/div>\n\t\t\t\t\t\t\t\t<\/div>\n\t\t\t\t\t<\/div>\n\t\t<\/section>\n\t\t\t\t<section class=\"elementor-section elementor-top-section elementor-element elementor-element-c48eb74 elementor-section-boxed elementor-section-height-default elementor-section-height-default\" data-id=\"c48eb74\" data-element_type=\"section\">\n\t\t\t\t\t\t<div class=\"elementor-container elementor-column-gap-default\">\n\t\t\t\t\t\t\t<div class=\"elementor-row\">\n\t\t\t\t\t<div class=\"elementor-column elementor-col-100 elementor-top-column elementor-element elementor-element-647e504\" data-id=\"647e504\" data-element_type=\"column\">\n\t\t\t<div class=\"elementor-column-wrap elementor-element-populated\">\n\t\t\t\t\t\t\t<div class=\"elementor-widget-wrap\">\n\t\t\t\t\t\t<div class=\"elementor-element elementor-element-a801a21 elementor-widget elementor-widget-text-editor\" data-id=\"a801a21\" data-element_type=\"widget\" data-widget_type=\"text-editor.default\">\n\t\t\t\t<div class=\"elementor-widget-container\">\n\t\t\t\t\t\t\t\t<div class=\"elementor-text-editor elementor-clearfix\">\n\t\t\t\t<h3><i>O evento \u00e9 online?<\/i><\/h3>\t\t\t\t\t<\/div>\n\t\t\t\t\t\t<\/div>\n\t\t\t\t<\/div>\n\t\t\t\t\t\t<\/div>\n\t\t\t\t\t<\/div>\n\t\t<\/div>\n\t\t\t\t\t\t\t\t<\/div>\n\t\t\t\t\t<\/div>\n\t\t<\/section>\n\t\t\t\t<section class=\"elementor-section elementor-top-section elementor-element elementor-element-1f3ac3a elementor-section-boxed elementor-section-height-default elementor-section-height-default\" data-id=\"1f3ac3a\" data-element_type=\"section\">\n\t\t\t\t\t\t<div class=\"elementor-container elementor-column-gap-default\">\n\t\t\t\t\t\t\t<div class=\"elementor-row\">\n\t\t\t\t\t<div class=\"elementor-column elementor-col-100 elementor-top-column elementor-element elementor-element-701d2b8\" data-id=\"701d2b8\" data-element_type=\"column\">\n\t\t\t<div class=\"elementor-column-wrap elementor-element-populated\">\n\t\t\t\t\t\t\t<div class=\"elementor-widget-wrap\">\n\t\t\t\t\t\t<div class=\"elementor-element elementor-element-c3d1d55 elementor-widget elementor-widget-text-editor\" data-id=\"c3d1d55\" data-element_type=\"widget\" data-widget_type=\"text-editor.default\">\n\t\t\t\t<div class=\"elementor-widget-container\">\n\t\t\t\t\t\t\t\t<div class=\"elementor-text-editor elementor-clearfix\">\n\t\t\t\t<p>Este ano o evento \u00e9 h\u00edbrido, ou seja, ter\u00e1 atividades presenciais e online.<\/p>\t\t\t\t\t<\/div>\n\t\t\t\t\t\t<\/div>\n\t\t\t\t<\/div>\n\t\t\t\t\t\t<\/div>\n\t\t\t\t\t<\/div>\n\t\t<\/div>\n\t\t\t\t\t\t\t\t<\/div>\n\t\t\t\t\t<\/div>\n\t\t<\/section>\n\t\t\t\t<section class=\"elementor-section elementor-top-section elementor-element elementor-element-faf407f elementor-section-boxed elementor-section-height-default elementor-section-height-default\" data-id=\"faf407f\" data-element_type=\"section\">\n\t\t\t\t\t\t<div class=\"elementor-container elementor-column-gap-default\">\n\t\t\t\t\t\t\t<div class=\"elementor-row\">\n\t\t\t\t\t<div class=\"elementor-column elementor-col-100 elementor-top-column elementor-element elementor-element-6f90baa\" data-id=\"6f90baa\" data-element_type=\"column\">\n\t\t\t<div class=\"elementor-column-wrap elementor-element-populated\">\n\t\t\t\t\t\t\t<div class=\"elementor-widget-wrap\">\n\t\t\t\t\t\t<div class=\"elementor-element elementor-element-4d1b5bb elementor-widget elementor-widget-text-editor\" data-id=\"4d1b5bb\" data-element_type=\"widget\" data-widget_type=\"text-editor.default\">\n\t\t\t\t<div class=\"elementor-widget-container\">\n\t\t\t\t\t\t\t\t<div class=\"elementor-text-editor elementor-clearfix\">\n\t\t\t\t<p>Conta\u00e7\u00e3o de hist\u00f3rias&#8230; o<span style=\"color: var( --e-global-color-text ); font-family: var( --e-global-typography-text-font-family ), Sans-serif; font-weight: var( --e-global-typography-text-font-weight );\">ficinas&#8230; e<\/span><span style=\"color: var( --e-global-color-text ); font-family: var( --e-global-typography-text-font-family ), Sans-serif; font-weight: var( --e-global-typography-text-font-weight );\">xposi\u00e7\u00f5es&#8230;\u00a0<\/span><span style=\"color: var( --e-global-color-text ); font-family: var( --e-global-typography-text-font-family ), Sans-serif; font-weight: var( --e-global-typography-text-font-weight );\">e muito mais!<\/span><\/p><p>Tudo isso voc\u00ea encontra no SIBiSC Festival!<\/p><p>Participe!<\/p>\t\t\t\t\t<\/div>\n\t\t\t\t\t\t<\/div>\n\t\t\t\t<\/div>\n\t\t\t\t\t\t<\/div>\n\t\t\t\t\t<\/div>\n\t\t<\/div>\n\t\t\t\t\t\t\t\t<\/div>\n\t\t\t\t\t<\/div>\n\t\t<\/section>\n\t\t\t\t<section class=\"elementor-section elementor-top-section elementor-element elementor-element-2aeaa01 elementor-section-boxed elementor-section-height-default elementor-section-height-default\" data-id=\"2aeaa01\" data-element_type=\"section\">\n\t\t\t\t\t\t<div class=\"elementor-container elementor-column-gap-default\">\n\t\t\t\t\t\t\t<div class=\"elementor-row\">\n\t\t\t\t\t<div class=\"elementor-column elementor-col-100 elementor-top-column elementor-element elementor-element-0e7034d\" data-id=\"0e7034d\" data-element_type=\"column\">\n\t\t\t<div class=\"elementor-column-wrap elementor-element-populated\">\n\t\t\t\t\t\t\t<div class=\"elementor-widget-wrap\">\n\t\t\t\t\t\t<div class=\"elementor-element elementor-element-e0038f8 elementor-button-success elementor-align-center elementor-widget elementor-widget-button\" data-id=\"e0038f8\" data-element_type=\"widget\" data-widget_type=\"button.default\">\n\t\t\t\t<div class=\"elementor-widget-container\">\n\t\t\t\t\t<div class=\"elementor-button-wrapper\">\n\t\t\t<a class=\"elementor-button elementor-button-link elementor-size-lg\" href=\"https:\/\/festivalsibisc.isci.com.br\/index.html\" target=\"_blank\">\n\t\t\t\t\t\t<span class=\"elementor-button-content-wrapper\">\n\t\t\t\t\t\t<span class=\"elementor-button-text\">QUERO PARTICIPAR DO SIBiSC FESTIVAL!<\/span>\n\t\t<\/span>\n\t\t\t\t\t<\/a>\n\t\t<\/div>\n\t\t\t\t<\/div>\n\t\t\t\t<\/div>\n\t\t\t\t\t\t<\/div>\n\t\t\t\t\t<\/div>\n\t\t<\/div>\n\t\t\t\t\t\t\t\t<\/div>\n\t\t\t\t\t<\/div>\n\t\t<\/section>\n\t\t\t\t<section class=\"elementor-section elementor-top-section elementor-element elementor-element-7dab105 elementor-section-boxed elementor-section-height-default elementor-section-height-default\" data-id=\"7dab105\" data-element_type=\"section\">\n\t\t\t\t\t\t<div class=\"elementor-container elementor-column-gap-default\">\n\t\t\t\t\t\t\t<div class=\"elementor-row\">\n\t\t\t\t\t<div class=\"elementor-column elementor-col-100 elementor-top-column elementor-element elementor-element-8ad6286\" data-id=\"8ad6286\" data-element_type=\"column\">\n\t\t\t<div class=\"elementor-column-wrap elementor-element-populated\">\n\t\t\t\t\t\t\t<div class=\"elementor-widget-wrap\">\n\t\t\t\t\t\t<div class=\"elementor-element elementor-element-2a1bc3b elementor-widget elementor-widget-text-editor\" data-id=\"2a1bc3b\" data-element_type=\"widget\" data-widget_type=\"text-editor.default\">\n\t\t\t\t<div class=\"elementor-widget-container\">\n\t\t\t\t\t\t\t\t<div class=\"elementor-text-editor elementor-clearfix\">\n\t\t\t\t<p>*Depoimento coletado do site&nbsp;<a href=\"https:\/\/regiaoemdestake.com.br\/2022\/05\/20\/sao-carlos-sibisc-secretaria-de-educacao-promove-festival-para-comemorar-a-semana-da-biblioteca\/\" target=\"_blank\">Regi\u00e3o em Destake<\/a>.<\/p>\t\t\t\t\t<\/div>\n\t\t\t\t\t\t<\/div>\n\t\t\t\t<\/div>\n\t\t\t\t\t\t<\/div>\n\t\t\t\t\t<\/div>\n\t\t<\/div>\n\t\t\t\t\t\t\t\t<\/div>\n\t\t\t\t\t<\/div>\n\t\t<\/section>\n\t\t\t\t\t\t\t\t\t<\/div>\n\t\t\t<\/div>\n\t\t\t\t\t<\/div>\n\t\t","protected":false},"excerpt":{"rendered":"<p>Voc\u00ea sabia que a cidade de S\u00e3o Carlos possui um dos maiores \u00edndices de bibliotecas, arquivos e museus em rela\u00e7\u00e3o \u00e0 popula\u00e7\u00e3o? E que as bibliotecas de S\u00e3o Carlos oferecem muito mais que livros? &#8220;Desenvolvemos as mais variadas atividades dentro das bibliotecas em parceria com pessoas e entidades da cidade, somos respons\u00e1veis pela oferta de &#8230; <a title=\"Procuram-se pessoas que n\u00e3o conhecem as bibliotecas de S\u00e3o Carlos (SP)\" class=\"read-more\" href=\"https:\/\/mundobibliotecario.com.br\/index.php\/2022\/05\/23\/procuram-se-pessoas-que-nao-conhecem-as-bibliotecas-de-sao-carlos-sp\/\" aria-label=\"Read more about Procuram-se pessoas que n\u00e3o conhecem as bibliotecas de S\u00e3o Carlos (SP)\">Ler mais<\/a><\/p>\n","protected":false},"author":1,"featured_media":0,"comment_status":"open","ping_status":"open","sticky":false,"template":"","format":"standard","meta":{"_mi_skip_tracking":false,"_exactmetrics_sitenote_active":false,"_exactmetrics_sitenote_note":"","_exactmetrics_sitenote_category":0,"_jetpack_newsletter_access":"","footnotes":""},"categories":[60],"tags":[2,1392,2084,29],"class_list":["post-9964","post","type-post","status-publish","format-standard","hentry","category-noticias","tag-biblioteca","tag-bibliotecas","tag-festival-sibisc","tag-sao-carlos"],"jetpack_featured_media_url":"","jetpack_sharing_enabled":true,"jetpack-related-posts":[{"id":18,"url":"https:\/\/mundobibliotecario.com.br\/index.php\/2008\/07\/31\/convite-para-o-barganha-book\/","url_meta":{"origin":9964,"position":0},"title":"Convite para o Barganha Book","author":"mundobibliotecario","date":"31\/07\/2008","format":false,"excerpt":"O Barganha Book \u00e9 uma feira de trocas organizada pelo Sistema Integrado de Bibliotecas de S\u00e3o Carlos (SIBI - S\u00e3o Carlos), da Prefeitura, onde s\u00e3o disponibilizados exemplares de livros, revistas e gibis para serem trocados. A troca no Barganha Book \u00e9 feita de maneira bem simples: a pessoa leva um\u2026","rel":"","context":"Em &quot;Eventos&quot;","block_context":{"text":"Eventos","link":"https:\/\/mundobibliotecario.com.br\/index.php\/category\/eventos\/"},"img":{"alt_text":"","src":"","width":0,"height":0},"classes":[]},{"id":2585,"url":"https:\/\/mundobibliotecario.com.br\/index.php\/2012\/05\/15\/de-adeus-as-bibliotecas\/","url_meta":{"origin":9964,"position":1},"title":"D\u00ea adeus \u00e0s bibliotecas","author":"mundobibliotecario","date":"15\/05\/2012","format":false,"excerpt":"Porque publiquei esse texto Para nos fazer refletir e lembrar que de vez em quando \u00e9 bom tomar um banho de \u00e1gua fria e que nunca pode ser tarde para mudar, pois se a situa\u00e7\u00e3o atual foi feita pelos \"bibliotec\u00e1rios\" da \u00e9poca, \u00e9 hora de arregasarmos as mangas e mudar!\u2026","rel":"","context":"Em &quot;Not\u00edcias&quot;","block_context":{"text":"Not\u00edcias","link":"https:\/\/mundobibliotecario.com.br\/index.php\/category\/noticias\/"},"img":{"alt_text":"","src":"","width":0,"height":0},"classes":[]},{"id":1956,"url":"https:\/\/mundobibliotecario.com.br\/index.php\/2011\/04\/15\/parceiros-do-rj-mostram-biblioteca-criada-por-moradora-na-baixada\/","url_meta":{"origin":9964,"position":2},"title":"Parceiros do RJ mostram biblioteca criada por moradora na Baixada","author":"mundobibliotecario","date":"15\/04\/2011","format":false,"excerpt":"Ela funciona h\u00e1 20 anos no bairro Parque Paulista, em Duque de Caxias. Espa\u00e7o \u00e9 mantido com dedica\u00e7\u00e3o por Dona Ang\u00e9lica. ********** Uma biblioteca no Parque Paulista, em Duque de Caxias, na Baixada Fluminense, pode ser usada por todos. A biblioteca comunit\u00e1ria foi criada h\u00e1 20 anos, mas no bairro,\u2026","rel":"","context":"Em &quot;Not\u00edcias&quot;","block_context":{"text":"Not\u00edcias","link":"https:\/\/mundobibliotecario.com.br\/index.php\/category\/noticias\/"},"img":{"alt_text":"","src":"","width":0,"height":0},"classes":[]},{"id":2862,"url":"https:\/\/mundobibliotecario.com.br\/index.php\/2013\/02\/08\/a-biblioteca-pensada-como-um-espaco-vivo\/","url_meta":{"origin":9964,"position":3},"title":"A biblioteca pensada como um espa\u00e7o vivo","author":"mundobibliotecario","date":"08\/02\/2013","format":false,"excerpt":"Confira entrevista de Rog\u00e9rio Pereira \u00e0 Gazeta de Alagoas 12\/11\/2012 Para o gestor, a institui\u00e7\u00e3o deve acompanhar seu tempo \u2013 e viver em transforma\u00e7\u00e3o Carla Castellotti O jornalista Rog\u00e9rio Pereira, 39, guarda boas lembran\u00e7as da biblioteca que frequentava quando crian\u00e7a. Aos 13 anos, o ainda garoto j\u00e1 trabalhava como office\u2026","rel":"","context":"Em &quot;Not\u00edcias&quot;","block_context":{"text":"Not\u00edcias","link":"https:\/\/mundobibliotecario.com.br\/index.php\/category\/noticias\/"},"img":{"alt_text":"","src":"","width":0,"height":0},"classes":[]},{"id":7788,"url":"https:\/\/mundobibliotecario.com.br\/index.php\/2020\/08\/16\/biblioteca-comunitaria-da-ufscar-comemora-25-anos-com-evento-online\/","url_meta":{"origin":9964,"position":4},"title":"Biblioteca Comunit\u00e1ria da UFSCar comemora 25 anos com evento online","author":"mundobibliotecario","date":"16\/08\/2020","format":false,"excerpt":"Cr\u00e9dito: Divulga\u00e7\u00e3o No dia 17 de agosto de 1995, foi inaugurada e entrou em funcionamento a Biblioteca Comunit\u00e1ria (BCo) da Universidade Federal de S\u00e3o Carlos (UFSCar). Instalada em um complexo com 9 mil m\u00b2 - onde se localiza, al\u00e9m da pr\u00f3pria Biblioteca, o Teatro Universit\u00e1rio Florestan Fernandes, os Audit\u00f3rios da\u2026","rel":"","context":"Em &quot;Not\u00edcias&quot;","block_context":{"text":"Not\u00edcias","link":"https:\/\/mundobibliotecario.com.br\/index.php\/category\/noticias\/"},"img":{"alt_text":"","src":"","width":0,"height":0},"classes":[]},{"id":4571,"url":"https:\/\/mundobibliotecario.com.br\/index.php\/2017\/08\/27\/inauguracao-da-geladeira-do-saber-em-sao-carlos-sp\/","url_meta":{"origin":9964,"position":5},"title":"Inaugura\u00e7\u00e3o da Geladeira do Saber em S\u00e3o Carlos (SP)","author":"mundobibliotecario","date":"27\/08\/2017","format":false,"excerpt":"No dia 26\/08\/17 foi inaugurado em S\u00e3o Carlos (SP) a Geladeira do Saber, um projeto conjunto da Prefeitura e do Sistema Integrado de Bibliotecas do munic\u00edpio. A exemplo do Barganha Book, j\u00e1 consolidado na cidade, o objetivo da Geladeira do Saber tamb\u00e9m \u00e9 promover a troca de livros de maneira\u2026","rel":"","context":"Em &quot;Not\u00edcias&quot;","block_context":{"text":"Not\u00edcias","link":"https:\/\/mundobibliotecario.com.br\/index.php\/category\/noticias\/"},"img":{"alt_text":"","src":"https:\/\/i0.wp.com\/mundobibliotecario.com.br\/wp-content\/uploads\/2017\/08\/20170826_092416.jpg?resize=350%2C200","width":350,"height":200},"classes":[]}],"jetpack_likes_enabled":true,"jetpack_shortlink":"https:\/\/wp.me\/pcbzwa-2AI","_links":{"self":[{"href":"https:\/\/mundobibliotecario.com.br\/index.php\/wp-json\/wp\/v2\/posts\/9964","targetHints":{"allow":["GET"]}}],"collection":[{"href":"https:\/\/mundobibliotecario.com.br\/index.php\/wp-json\/wp\/v2\/posts"}],"about":[{"href":"https:\/\/mundobibliotecario.com.br\/index.php\/wp-json\/wp\/v2\/types\/post"}],"author":[{"embeddable":true,"href":"https:\/\/mundobibliotecario.com.br\/index.php\/wp-json\/wp\/v2\/users\/1"}],"replies":[{"embeddable":true,"href":"https:\/\/mundobibliotecario.com.br\/index.php\/wp-json\/wp\/v2\/comments?post=9964"}],"version-history":[{"count":12,"href":"https:\/\/mundobibliotecario.com.br\/index.php\/wp-json\/wp\/v2\/posts\/9964\/revisions"}],"predecessor-version":[{"id":9978,"href":"https:\/\/mundobibliotecario.com.br\/index.php\/wp-json\/wp\/v2\/posts\/9964\/revisions\/9978"}],"wp:attachment":[{"href":"https:\/\/mundobibliotecario.com.br\/index.php\/wp-json\/wp\/v2\/media?parent=9964"}],"wp:term":[{"taxonomy":"category","embeddable":true,"href":"https:\/\/mundobibliotecario.com.br\/index.php\/wp-json\/wp\/v2\/categories?post=9964"},{"taxonomy":"post_tag","embeddable":true,"href":"https:\/\/mundobibliotecario.com.br\/index.php\/wp-json\/wp\/v2\/tags?post=9964"}],"curies":[{"name":"wp","href":"https:\/\/api.w.org\/{rel}","templated":true}]}}