{"id":9989,"date":"2022-06-07T16:00:00","date_gmt":"2022-06-07T19:00:00","guid":{"rendered":"https:\/\/mundobibliotecario.com.br\/?p=9989"},"modified":"2022-06-07T07:31:23","modified_gmt":"2022-06-07T10:31:23","slug":"os-bibliotecarios-escolares-estao-desaparecendo-aqui-esta-por-que-eles-nao-deveriam","status":"publish","type":"post","link":"https:\/\/mundobibliotecario.com.br\/index.php\/2022\/06\/07\/os-bibliotecarios-escolares-estao-desaparecendo-aqui-esta-por-que-eles-nao-deveriam\/","title":{"rendered":"Os bibliotec\u00e1rios escolares est\u00e3o desaparecendo: aqui est\u00e1 por que eles n\u00e3o deveriam"},"content":{"rendered":"\t\t<div data-elementor-type=\"wp-post\" data-elementor-id=\"9989\" class=\"elementor elementor-9989\">\n\t\t\t\t\t\t<div class=\"elementor-inner\">\n\t\t\t\t<div class=\"elementor-section-wrap\">\n\t\t\t\t\t\t\t\t\t<section class=\"elementor-section elementor-top-section elementor-element elementor-element-694c4d4 elementor-section-boxed elementor-section-height-default elementor-section-height-default\" data-id=\"694c4d4\" data-element_type=\"section\">\n\t\t\t\t\t\t<div class=\"elementor-container elementor-column-gap-default\">\n\t\t\t\t\t\t\t<div class=\"elementor-row\">\n\t\t\t\t\t<div class=\"elementor-column elementor-col-100 elementor-top-column elementor-element elementor-element-5778997\" data-id=\"5778997\" data-element_type=\"column\">\n\t\t\t<div class=\"elementor-column-wrap elementor-element-populated\">\n\t\t\t\t\t\t\t<div class=\"elementor-widget-wrap\">\n\t\t\t\t\t\t<div class=\"elementor-element elementor-element-73b62a9 elementor-widget elementor-widget-image\" data-id=\"73b62a9\" data-element_type=\"widget\" data-widget_type=\"image.default\">\n\t\t\t\t<div class=\"elementor-widget-container\">\n\t\t\t\t\t\t\t\t<div class=\"elementor-image\">\n\t\t\t\t\t\t\t\t\t\t\t\t<img loading=\"lazy\" decoding=\"async\" width=\"640\" height=\"427\" src=\"https:\/\/mundobibliotecario.com.br\/wp-content\/uploads\/2022\/06\/redd-9o8YdYGTT64-unsplash.jpg\" class=\"attachment-large size-large wp-image-9991\" alt=\"\" srcset=\"https:\/\/mundobibliotecario.com.br\/wp-content\/uploads\/2022\/06\/redd-9o8YdYGTT64-unsplash.jpg 640w, https:\/\/mundobibliotecario.com.br\/wp-content\/uploads\/2022\/06\/redd-9o8YdYGTT64-unsplash-300x200.jpg 300w\" sizes=\"auto, (max-width: 640px) 100vw, 640px\" \/>\t\t\t\t\t\t\t\t\t\t\t\t\t\t<\/div>\n\t\t\t\t\t\t<\/div>\n\t\t\t\t<\/div>\n\t\t\t\t\t\t<\/div>\n\t\t\t\t\t<\/div>\n\t\t<\/div>\n\t\t\t\t\t\t\t\t<\/div>\n\t\t\t\t\t<\/div>\n\t\t<\/section>\n\t\t\t\t<section class=\"elementor-section elementor-top-section elementor-element elementor-element-d7d1ebd elementor-section-boxed elementor-section-height-default elementor-section-height-default\" data-id=\"d7d1ebd\" data-element_type=\"section\">\n\t\t\t\t\t\t<div class=\"elementor-container elementor-column-gap-default\">\n\t\t\t\t\t\t\t<div class=\"elementor-row\">\n\t\t\t\t\t<div class=\"elementor-column elementor-col-100 elementor-top-column elementor-element elementor-element-5b00bd7\" data-id=\"5b00bd7\" data-element_type=\"column\">\n\t\t\t<div class=\"elementor-column-wrap elementor-element-populated\">\n\t\t\t\t\t\t\t<div class=\"elementor-widget-wrap\">\n\t\t\t\t\t\t<div class=\"elementor-element elementor-element-81a3381 elementor-widget elementor-widget-text-editor\" data-id=\"81a3381\" data-element_type=\"widget\" data-widget_type=\"text-editor.default\">\n\t\t\t\t<div class=\"elementor-widget-container\">\n\t\t\t\t\t\t\t\t<div class=\"elementor-text-editor elementor-clearfix\">\n\t\t\t\t<p style=\"margin-bottom: 30px; color: #010101; font-family: 'PT Serif', serif; font-size: 19px;\"><span style=\"vertical-align: inherit;\">Os bibliotec\u00e1rios escolares est\u00e3o\u00a0<\/span><a style=\"color: inherit; box-shadow: #ffd007 0px 2px 0px;\" href=\"https:\/\/www.edsurge.com\/news\/2021-07-19-where-are-the-school-librarians-new-study-shows-20-percent-decline-in-past-decade#_=_\" target=\"_blank\" rel=\"noopener\"><span style=\"vertical-align: inherit;\">desaparecendo<\/span><\/a><span style=\"vertical-align: inherit;\"><span style=\"vertical-align: inherit;\">\u00a0.\u00a0<\/span><span style=\"vertical-align: inherit;\">Os dados mostram que h\u00e1 uma diminui\u00e7\u00e3o nos cargos de bibliotec\u00e1rio escolar ao longo do tempo.\u00a0<\/span><span style=\"vertical-align: inherit;\">Quer\u00a0<\/span><\/span><a style=\"color: inherit; box-shadow: #ffd007 0px 2px 0px;\" href=\"https:\/\/bookriot.com\/school-librarian-shortage\/\"><span style=\"vertical-align: inherit;\">essa escassez de bibliotec\u00e1rios<\/span><\/a><span style=\"vertical-align: inherit;\"><span style=\"vertical-align: inherit;\">\u00a0seja devido a cortes or\u00e7ament\u00e1rios, quer seja pela falta de candidatos ou pessoas que simplesmente n\u00e3o entendem o que os bibliotec\u00e1rios fazem, os empregos n\u00e3o est\u00e3o dispon\u00edveis.\u00a0<\/span><span style=\"vertical-align: inherit;\">As bibliotecas dentro das escolas ainda existem e muitas vezes n\u00e3o est\u00e3o fechadas.\u00a0<\/span><span style=\"vertical-align: inherit;\">Em algumas escolas, espera-se que os professores utilizem eles pr\u00f3prios esses espa\u00e7os sem bibliotec\u00e1rios, aumentando a carga de trabalho j\u00e1 sobrecarregada dos professores.<\/span><\/span><\/p><p style=\"margin-bottom: 30px; color: #010101; font-family: 'PT Serif', serif; font-size: 19px;\"><span style=\"vertical-align: inherit;\"><span style=\"vertical-align: inherit;\">Existem 90.400 escolas p\u00fablicas e privadas do jardim de inf\u00e2ncia ao ensino m\u00e9dio nos Estados Unidos.\u00a0<\/span><span style=\"vertical-align: inherit;\">Destes,\u00a0<\/span><\/span><a style=\"color: inherit; box-shadow: #ffd007 0px 2px 0px;\" href=\"https:\/\/www.ala.org\/news\/state-americas-libraries-report-2019\/school-libraries\" target=\"_blank\" rel=\"noopener\"><span style=\"vertical-align: inherit;\">82.300 (91%) possuem bibliotecas escolares e apenas 56.000 (61%) possuem bibliotec\u00e1rios em tempo integral<\/span><\/a><span style=\"vertical-align: inherit;\"><span style=\"vertical-align: inherit;\">.\u00a0<\/span><span style=\"vertical-align: inherit;\">Apenas\u00a0<\/span><\/span><a style=\"color: inherit; box-shadow: #ffd007 0px 2px 0px;\" href=\"http:\/\/libslide.org\/pubs\/Kachel-DataSpeaks-TL%20Feb2021.pdf\" target=\"_blank\" rel=\"noopener\"><span style=\"vertical-align: inherit;\">uma em cada dez escolas <\/span><\/a><span style=\"vertical-align: inherit;\">relata empregar um bibliotec\u00e1rio.\u00a0<\/span><\/p><p style=\"margin-bottom: 30px; color: #010101; font-family: 'PT Serif', serif; font-size: 19px;\"><span style=\"vertical-align: inherit;\">O valor das bibliotecas p\u00fablicas foi\u00a0<\/span><a style=\"color: inherit; box-shadow: #ffd007 0px 2px 0px;\" href=\"https:\/\/www.bustle.com\/p\/7-reasons-libraries-are-essential-now-more-than-ever-43901\" target=\"_blank\" rel=\"noopener\"><span style=\"vertical-align: inherit;\">bem comprovado<\/span><\/a><span style=\"vertical-align: inherit;\"><span style=\"vertical-align: inherit;\">\u00a0.\u00a0<\/span><span style=\"vertical-align: inherit;\">Eles oferecem materiais educacionais gratuitos, ajudam comunidades carentes, impulsionam as economias locais, conectam pessoas e tornam as comunidades mais saud\u00e1veis.\u00a0<\/span><span style=\"vertical-align: inherit;\">Parece que, embora as escolas continuem a ter bibliotecas f\u00edsicas, est\u00e3o perdendo a parte integral que as bibliotecas p\u00fablicas t\u00eam \u2013 os bibliotec\u00e1rios.<\/span><\/span><\/p>\t\t\t\t\t<\/div>\n\t\t\t\t\t\t<\/div>\n\t\t\t\t<\/div>\n\t\t\t\t\t\t<\/div>\n\t\t\t\t\t<\/div>\n\t\t<\/div>\n\t\t\t\t\t\t\t\t<\/div>\n\t\t\t\t\t<\/div>\n\t\t<\/section>\n\t\t\t\t<section class=\"elementor-section elementor-top-section elementor-element elementor-element-a92b9ae elementor-section-boxed elementor-section-height-default elementor-section-height-default\" data-id=\"a92b9ae\" data-element_type=\"section\">\n\t\t\t\t\t\t<div class=\"elementor-container elementor-column-gap-default\">\n\t\t\t\t\t\t\t<div class=\"elementor-row\">\n\t\t\t\t\t<div class=\"elementor-column elementor-col-100 elementor-top-column elementor-element elementor-element-aa4bbb0\" data-id=\"aa4bbb0\" data-element_type=\"column\">\n\t\t\t<div class=\"elementor-column-wrap elementor-element-populated\">\n\t\t\t\t\t\t\t<div class=\"elementor-widget-wrap\">\n\t\t\t\t\t\t<div class=\"elementor-element elementor-element-3a8fb67 elementor-widget elementor-widget-text-editor\" data-id=\"3a8fb67\" data-element_type=\"widget\" data-widget_type=\"text-editor.default\">\n\t\t\t\t<div class=\"elementor-widget-container\">\n\t\t\t\t\t\t\t\t<div class=\"elementor-text-editor elementor-clearfix\">\n\t\t\t\t<p>O trecho acima \u00e9 uma tradu\u00e7\u00e3o livre dos primeiros par\u00e1grafos da not\u00edcia\u00a0<a href=\"https:\/\/bookriot.com\/school-librarians-are-disappearing\/\" target=\"_blank\" rel=\"noopener\">School librarians are desappearing: here&#8217;s why they shouldn&#8217;t<\/a>, de Nikki DeMarco, publicado em 23 de maio de 2022 no BookRiot.<\/p><p>Para ler a not\u00edcia completa original em ingl\u00eas, clique neste\u00a0<a style=\"font-family: var( --e-global-typography-text-font-family ), Sans-serif; font-weight: var( --e-global-typography-text-font-weight ); background-color: #ffffff;\" href=\"https:\/\/bookriot.com\/school-librarians-are-disappearing\/\" target=\"_blank\" rel=\"noopener\">link<\/a>.<\/p>\t\t\t\t\t<\/div>\n\t\t\t\t\t\t<\/div>\n\t\t\t\t<\/div>\n\t\t\t\t\t\t<\/div>\n\t\t\t\t\t<\/div>\n\t\t<\/div>\n\t\t\t\t\t\t\t\t<\/div>\n\t\t\t\t\t<\/div>\n\t\t<\/section>\n\t\t\t\t\t\t\t\t\t<\/div>\n\t\t\t<\/div>\n\t\t\t\t\t<\/div>\n\t\t","protected":false},"excerpt":{"rendered":"<p>Os bibliotec\u00e1rios escolares est\u00e3o&nbsp;desaparecendo&nbsp;.&nbsp;Os dados mostram que h\u00e1 uma diminui\u00e7\u00e3o nos cargos de bibliotec\u00e1rio escolar ao longo do tempo.&nbsp;Quer&nbsp;essa escassez de bibliotec\u00e1rios&nbsp;seja devido a cortes or\u00e7ament\u00e1rios, quer seja pela falta de candidatos ou pessoas que simplesmente n\u00e3o entendem o que os bibliotec\u00e1rios fazem, os empregos n\u00e3o est\u00e3o dispon\u00edveis.&nbsp;As bibliotecas dentro das escolas ainda existem e &#8230; <a title=\"Os bibliotec\u00e1rios escolares est\u00e3o desaparecendo: aqui est\u00e1 por que eles n\u00e3o deveriam\" class=\"read-more\" href=\"https:\/\/mundobibliotecario.com.br\/index.php\/2022\/06\/07\/os-bibliotecarios-escolares-estao-desaparecendo-aqui-esta-por-que-eles-nao-deveriam\/\" aria-label=\"Read more about Os bibliotec\u00e1rios escolares est\u00e3o desaparecendo: aqui est\u00e1 por que eles n\u00e3o deveriam\">Ler mais<\/a><\/p>\n","protected":false},"author":1,"featured_media":0,"comment_status":"open","ping_status":"open","sticky":false,"template":"","format":"standard","meta":{"_mi_skip_tracking":false,"_exactmetrics_sitenote_active":false,"_exactmetrics_sitenote_note":"","_exactmetrics_sitenote_category":0,"_jetpack_newsletter_access":"","footnotes":""},"categories":[60],"tags":[462,606],"class_list":["post-9989","post","type-post","status-publish","format-standard","hentry","category-noticias","tag-biblioteca-escolar","tag-escola"],"jetpack_featured_media_url":"","jetpack_sharing_enabled":true,"jetpack-related-posts":[{"id":1633,"url":"https:\/\/mundobibliotecario.com.br\/index.php\/2010\/12\/31\/aprovado-o-cargo-de-bibliotecario-escolar-em-santa-catarina\/","url_meta":{"origin":9989,"position":0},"title":"Aprovado o cargo de Bibliotec\u00e1rio Escolar em Santa Catarina","author":"mundobibliotecario","date":"31\/12\/2010","format":false,"excerpt":"O plen\u00e1rio da Assembl\u00e9ia Legislativa de Santa Catarina aprovou, no dia 8 de dezembro, um projeto de lei complementar (PLC 39\/10) de autoria do deputado estadual que cria o cargo de bibliotec\u00e1rio escolar dentro do quadro de pessoal do magist\u00e9rio p\u00fablico estadual. Com isso, as escolas estaduais dever\u00e3o contratar o\u2026","rel":"","context":"Em &quot;Not\u00edcias&quot;","block_context":{"text":"Not\u00edcias","link":"https:\/\/mundobibliotecario.com.br\/index.php\/category\/noticias\/"},"img":{"alt_text":"","src":"","width":0,"height":0},"classes":[]},{"id":1149,"url":"https:\/\/mundobibliotecario.com.br\/index.php\/2010\/03\/05\/fundo-dvh-para-bibliotecario-escolar\/","url_meta":{"origin":9989,"position":1},"title":"Fundo DVH para bibliotec\u00e1rio escolar","author":"mundobibliotecario","date":"05\/03\/2010","format":false,"excerpt":"ORIGEM O Fundo foi criado em 2009 com a finalidade de aumentar as oportunidades para que jovens bibliotec\u00e1rios(as) brasileiros(as) possam participar ativamente de f\u00f3runs internacionais sobre biblioteca escolar, especialmente da International Association of School Librarianship (IASL). O Fundo consiste em um pr\u00eamio para possibilitar que jovens bibliotec\u00e1rios (as), que trabalhem\u2026","rel":"","context":"Em &quot;Not\u00edcias&quot;","block_context":{"text":"Not\u00edcias","link":"https:\/\/mundobibliotecario.com.br\/index.php\/category\/noticias\/"},"img":{"alt_text":"","src":"","width":0,"height":0},"classes":[]},{"id":1302,"url":"https:\/\/mundobibliotecario.com.br\/index.php\/2010\/06\/05\/brasil-vai-precisar-de-pelo-menos-178-mil-bibliotecarios-ate-2020\/","url_meta":{"origin":9989,"position":2},"title":"Brasil vai precisar de pelo menos 178 mil bibliotec\u00e1rios at\u00e9 2020","author":"mundobibliotecario","date":"05\/06\/2010","format":false,"excerpt":"Atualmente, pa\u00eds s\u00f3 tem 21,6 mil formados em Biblioteconomia. Por lei, \u00e9 preciso ter diploma para trabalhar na \u00e1rea. Da reda\u00e7\u00e3o Al\u00e9m de ter de construir 25 bibliotecas por dia, o Brasil ter\u00e1 de, pelo menos, formar oito vezes mais bibliotec\u00e1rios at\u00e9 2020. Lei aprovada no fim de maio determina\u2026","rel":"","context":"Em &quot;Not\u00edcias&quot;","block_context":{"text":"Not\u00edcias","link":"https:\/\/mundobibliotecario.com.br\/index.php\/category\/noticias\/"},"img":{"alt_text":"","src":"","width":0,"height":0},"classes":[]},{"id":3436,"url":"https:\/\/mundobibliotecario.com.br\/index.php\/2014\/03\/20\/vaga-para-bibliotecario-escolar-em-sao-carlos-sp\/","url_meta":{"origin":9989,"position":3},"title":"Vaga para bibliotec\u00e1rio escolar em S\u00e3o Carlos (SP)","author":"mundobibliotecario","date":"20\/03\/2014","format":"image","excerpt":"","rel":"","context":"Em &quot;Emprego&quot;","block_context":{"text":"Emprego","link":"https:\/\/mundobibliotecario.com.br\/index.php\/category\/emprego\/"},"img":{"alt_text":"","src":"https:\/\/mundobibliotecario.files.wordpress.com\/2014\/03\/bibliotecaria.jpg?w=350&h=200&crop=1","width":350,"height":200},"classes":[]},{"id":769,"url":"https:\/\/mundobibliotecario.com.br\/index.php\/2009\/07\/24\/alice-propoe-criacao-de-frente-parlamentar-em-defesa-do-bibliotecario\/","url_meta":{"origin":9989,"position":4},"title":"Alice prop\u00f5e cria\u00e7\u00e3o de Frente Parlamentar em defesa do bibliotec\u00e1rio","author":"mundobibliotecario","date":"24\/07\/2009","format":false,"excerpt":"Audi\u00eancia foi solicitada pela deputada Alice Portugal Uma biblioteca na escola, um bibliotec\u00e1rio! Esta ser\u00e1 uma das metas da Frente Parlamentar em Defesa dos Bibliotec\u00e1rios que ser\u00e1 lan\u00e7ada, possivelmente, em outubro. A ideia foi apresentada pela deputada Alice Portugal (PCdoB-BA), durante audi\u00eancia p\u00fablica na Comiss\u00e3o de Educa\u00e7\u00e3o e Cultura, nesta\u2026","rel":"","context":"Em &quot;Not\u00edcias&quot;","block_context":{"text":"Not\u00edcias","link":"https:\/\/mundobibliotecario.com.br\/index.php\/category\/noticias\/"},"img":{"alt_text":"","src":"","width":0,"height":0},"classes":[]},{"id":4909,"url":"https:\/\/mundobibliotecario.com.br\/index.php\/2012\/07\/11\/enb-iv-encontro-nacional-de-bibliotecarios-de-ies-iv-encontro-nacional-de-bibliotecarios-escolares-2\/","url_meta":{"origin":9989,"position":5},"title":"ENB &#8211; IV Encontro Nacional de Bibliotec\u00e1rios de IES &#038; IV Encontro Nacional de Bibliotec\u00e1rios Escolares","author":"mundobibliotecario","date":"11\/07\/2012","format":false,"excerpt":"Colabora\u00e7\u00e3o de Gabriele Monique. *** Encontro Nacional de Bibliotec\u00e1rios de Institui\u00e7\u00f5es de Ensino \u00a0Novos Caminhos para Novas Necessidades No mundo globalizado em que vivemos atualmente, a nova gera\u00e7\u00e3o exige constantes mudan\u00e7as nas institui\u00e7\u00f5es de ensino, inclusive na biblioteca. Para compreender mais sobre as novas oportunidades e novidades do segmento, a\u2026","rel":"","context":"Em &quot;Eventos&quot;","block_context":{"text":"Eventos","link":"https:\/\/mundobibliotecario.com.br\/index.php\/category\/eventos\/"},"img":{"alt_text":"","src":"","width":0,"height":0},"classes":[]}],"jetpack_likes_enabled":true,"jetpack_shortlink":"https:\/\/wp.me\/pcbzwa-2B7","_links":{"self":[{"href":"https:\/\/mundobibliotecario.com.br\/index.php\/wp-json\/wp\/v2\/posts\/9989","targetHints":{"allow":["GET"]}}],"collection":[{"href":"https:\/\/mundobibliotecario.com.br\/index.php\/wp-json\/wp\/v2\/posts"}],"about":[{"href":"https:\/\/mundobibliotecario.com.br\/index.php\/wp-json\/wp\/v2\/types\/post"}],"author":[{"embeddable":true,"href":"https:\/\/mundobibliotecario.com.br\/index.php\/wp-json\/wp\/v2\/users\/1"}],"replies":[{"embeddable":true,"href":"https:\/\/mundobibliotecario.com.br\/index.php\/wp-json\/wp\/v2\/comments?post=9989"}],"version-history":[{"count":5,"href":"https:\/\/mundobibliotecario.com.br\/index.php\/wp-json\/wp\/v2\/posts\/9989\/revisions"}],"predecessor-version":[{"id":9995,"href":"https:\/\/mundobibliotecario.com.br\/index.php\/wp-json\/wp\/v2\/posts\/9989\/revisions\/9995"}],"wp:attachment":[{"href":"https:\/\/mundobibliotecario.com.br\/index.php\/wp-json\/wp\/v2\/media?parent=9989"}],"wp:term":[{"taxonomy":"category","embeddable":true,"href":"https:\/\/mundobibliotecario.com.br\/index.php\/wp-json\/wp\/v2\/categories?post=9989"},{"taxonomy":"post_tag","embeddable":true,"href":"https:\/\/mundobibliotecario.com.br\/index.php\/wp-json\/wp\/v2\/tags?post=9989"}],"curies":[{"name":"wp","href":"https:\/\/api.w.org\/{rel}","templated":true}]}}